{"id":688,"date":"2025-07-12T11:14:11","date_gmt":"2025-07-12T08:14:11","guid":{"rendered":"https:\/\/pirtukxaneyajinenkurdistan.com\/tr\/?p=688"},"modified":"2025-07-10T11:18:00","modified_gmt":"2025-07-10T08:18:00","slug":"istarin-kizlari","status":"publish","type":"post","link":"https:\/\/pirtukxaneyajinenkurdistan.com\/tr\/icerik\/istarin-kizlari\/","title":{"rendered":"I\u015ftar\u2019\u0131n K\u0131zlar\u0131"},"content":{"rendered":"<p>Kitap ad\u0131 : \u0130\u015ftar\u2019\u0131n K\u0131zlar\u0131<\/p>\n<p>Yazar\u0131n ad\u0131 : serdar akinan<\/p>\n<p>sayfa say\u0131s\u0131:179<\/p>\n<p>Kitab\u0131n konusu :<\/p>\n<p>T\u00fcrkiye, K\u00fcrt meselesinde tarihi bir kav\u015fakta.<br \/>\nBir yanda iktidar\u0131n \u00d6calan ile \u0130mral\u0131\u2019da gizlice y\u00fcr\u00fctt\u00fc\u011f\u00fc pazarl\u0131klar, \u00f6te yanda toplumda son derece derin bir ayr\u0131\u015fma hali&#8230;<br \/>\nBu tehlikeli gerginlik ana ak\u0131m medyaya pek yans\u0131m\u0131yor.<br \/>\nOysa alttan alta fokurdayan bir toplum var.<br \/>\nGazeteci Serdar Akinan, \u0130\u015ftar\u2019\u0131n K\u0131zlar\u0131\u2019nda bu ayr\u0131\u015fmaya inat \u201c\u00f6teki\u201dni anlatmaya soyunuyor.<\/p>\n<p>Akinan, 2011 y\u0131l\u0131nda \u00fc\u00e7 g\u00fcn Kandil\u2019de kald\u0131. Buradaki kad\u0131n hareketi \u00fczerine yo\u011funla\u015ft\u0131 ve mikrofonunu \u201cda\u011fa \u00e7\u0131kan kad\u0131nlar\u201da uzatt\u0131.<br \/>\nO g\u00fcnden bu yana o r\u00f6portajlar demlendi.<br \/>\nBug\u00fcn gelinen son derece tehlikeli noktada T\u00fcrkiye kamuoyunun belki de en \u00e7ok ihtiya\u00e7 duydu\u011fu \u015fey \u00f6tekini anlamak.<br \/>\n\u00d6tekini anlamak i\u00e7in \u00f6nce kulak vermek gerekiyor.<br \/>\nGencecik bir k\u0131z evini, okulunu, hayat\u0131n\u0131 b\u0131rak\u0131p neden da\u011fa \u00e7\u0131kar?<br \/>\nEline neden silah al\u0131r? Hedefi nedir?<br \/>\nArt\u0131k bir g\u00fcvenlik meselesi olmaktan \u00e7\u0131k\u0131p sosyal ve siyasal bir sorun haline gelen K\u00fcrt meselesinde K\u00fcrtler ad\u0131na siyaset yapan heyet ne istemektedir?<br \/>\nK\u00fcrtler, son y\u0131llarda s\u0131k\u00e7a duydu\u011fumuz \u201cDemokratik Konfederalizm\u201d kavram\u0131 ile ne demek istiyor?<br \/>\nT\u00fcrkiye\u2019yi b\u00f6lmek ve toprak almak m\u0131?<br \/>\nYoksa t\u00fcm b\u00f6lgeye yeni bir siyasa m\u0131 \u00f6neriyorlar?<br \/>\n\u0130\u015ftar\u2019\u0131n K\u0131zlar\u0131, \u00f6nce Kandil\u2019deki kad\u0131nlara kulak veriyor sonra bu sorulara yan\u0131t ar\u0131yor.<br \/>\nAnlamak i\u00e7in kulak vermek&#8230;<br \/>\nBug\u00fcnlerde en \u00e7ok ihtiya\u00e7 duydu\u011fumuz bu olsa gerek<\/p>\n<p><img fetchpriority=\"high\" decoding=\"async\" class=\"alignnone size-medium wp-image-690\" src=\"https:\/\/pirtukxaneyajinenkurdistan.com\/tr\/wp-content\/uploads\/sites\/11\/2025\/07\/Scan10005-196x300.jpg\" alt=\"\" width=\"196\" height=\"300\" srcset=\"https:\/\/pirtukxaneyajinenkurdistan.com\/tr\/wp-content\/uploads\/sites\/11\/2025\/07\/Scan10005-196x300.jpg 196w, https:\/\/pirtukxaneyajinenkurdistan.com\/tr\/wp-content\/uploads\/sites\/11\/2025\/07\/Scan10005-668x1024.jpg 668w, https:\/\/pirtukxaneyajinenkurdistan.com\/tr\/wp-content\/uploads\/sites\/11\/2025\/07\/Scan10005-768x1176.jpg 768w, https:\/\/pirtukxaneyajinenkurdistan.com\/tr\/wp-content\/uploads\/sites\/11\/2025\/07\/Scan10005-1003x1536.jpg 1003w, https:\/\/pirtukxaneyajinenkurdistan.com\/tr\/wp-content\/uploads\/sites\/11\/2025\/07\/Scan10005-1337x2048.jpg 1337w, https:\/\/pirtukxaneyajinenkurdistan.com\/tr\/wp-content\/uploads\/sites\/11\/2025\/07\/Scan10005.jpg 1585w\" sizes=\"(max-width: 196px) 100vw, 196px\" \/><\/p>\n","protected":false},"excerpt":{"rendered":"<p>Kitap ad\u0131 : \u0130\u015ftar\u2019\u0131n K\u0131zlar\u0131 Yazar\u0131n ad\u0131 : serdar akinan sayfa say\u0131s\u0131:179 Kitab\u0131n konusu : T\u00fcrkiye, K\u00fcrt meselesinde tarihi bir kav\u015fakta. Bir yanda iktidar\u0131n \u00d6calan ile \u0130mral\u0131\u2019da gizlice y\u00fcr\u00fctt\u00fc\u011f\u00fc pazarl\u0131klar, \u00f6te yanda toplumda son derece derin bir ayr\u0131\u015fma hali&#8230; Bu&#8230;<\/p>\n","protected":false},"author":2,"featured_media":689,"comment_status":"closed","ping_status":"closed","sticky":false,"template":"","format":"standard","meta":{"footnotes":""},"categories":[7],"tags":[],"class_list":["post-688","post","type-post","status-publish","format-standard","has-post-thumbnail","hentry","category-kadinlara-dair-kitaplar"],"rttpg_featured_image_url":{"full":["https:\/\/pirtukxaneyajinenkurdistan.com\/tr\/wp-content\/uploads\/sites\/11\/2025\/07\/Scan10004.jpg",1592,2456,false],"landscape":["https:\/\/pirtukxaneyajinenkurdistan.com\/tr\/wp-content\/uploads\/sites\/11\/2025\/07\/Scan10004.jpg",1592,2456,false],"portraits":["https:\/\/pirtukxaneyajinenkurdistan.com\/tr\/wp-content\/uploads\/sites\/11\/2025\/07\/Scan10004.jpg",1592,2456,false],"thumbnail":["https:\/\/pirtukxaneyajinenkurdistan.com\/tr\/wp-content\/uploads\/sites\/11\/2025\/07\/Scan10004-150x150.jpg",150,150,true],"medium":["https:\/\/pirtukxaneyajinenkurdistan.com\/tr\/wp-content\/uploads\/sites\/11\/2025\/07\/Scan10004-194x300.jpg",194,300,true],"large":["https:\/\/pirtukxaneyajinenkurdistan.com\/tr\/wp-content\/uploads\/sites\/11\/2025\/07\/Scan10004-664x1024.jpg",640,987,true],"1536x1536":["https:\/\/pirtukxaneyajinenkurdistan.com\/tr\/wp-content\/uploads\/sites\/11\/2025\/07\/Scan10004-996x1536.jpg",996,1536,true],"2048x2048":["https:\/\/pirtukxaneyajinenkurdistan.com\/tr\/wp-content\/uploads\/sites\/11\/2025\/07\/Scan10004-1328x2048.jpg",1328,2048,true],"gucherry-blog-thumbnail-one":["https:\/\/pirtukxaneyajinenkurdistan.com\/tr\/wp-content\/uploads\/sites\/11\/2025\/07\/Scan10004-800x450.jpg",800,450,true],"gucherry-blog-thumbnail-two":["https:\/\/pirtukxaneyajinenkurdistan.com\/tr\/wp-content\/uploads\/sites\/11\/2025\/07\/Scan10004-300x300.jpg",300,300,true],"psacp-medium":["https:\/\/pirtukxaneyajinenkurdistan.com\/tr\/wp-content\/uploads\/sites\/11\/2025\/07\/Scan10004.jpg",324,500,false]},"rttpg_author":{"display_name":"admin","author_link":"https:\/\/pirtukxaneyajinenkurdistan.com\/tr\/icerik\/author\/admin-2\/"},"rttpg_comment":0,"rttpg_category":"<a href=\"https:\/\/pirtukxaneyajinenkurdistan.com\/tr\/kategori\/kitaplar\/kadinlara-dair-kitaplar\/\" rel=\"category tag\">Kad\u0131nlara Dair<\/a>","rttpg_excerpt":"Kitap ad\u0131 : \u0130\u015ftar\u2019\u0131n K\u0131zlar\u0131 Yazar\u0131n ad\u0131 : serdar akinan sayfa say\u0131s\u0131:179 Kitab\u0131n konusu : T\u00fcrkiye, K\u00fcrt meselesinde tarihi bir kav\u015fakta. Bir yanda iktidar\u0131n \u00d6calan ile \u0130mral\u0131\u2019da gizlice y\u00fcr\u00fctt\u00fc\u011f\u00fc pazarl\u0131klar, \u00f6te yanda toplumda son derece derin bir ayr\u0131\u015fma hali&#8230; Bu...","_links":{"self":[{"href":"https:\/\/pirtukxaneyajinenkurdistan.com\/tr\/wp-json\/wp\/v2\/posts\/688","targetHints":{"allow":["GET"]}}],"collection":[{"href":"https:\/\/pirtukxaneyajinenkurdistan.com\/tr\/wp-json\/wp\/v2\/posts"}],"about":[{"href":"https:\/\/pirtukxaneyajinenkurdistan.com\/tr\/wp-json\/wp\/v2\/types\/post"}],"author":[{"embeddable":true,"href":"https:\/\/pirtukxaneyajinenkurdistan.com\/tr\/wp-json\/wp\/v2\/users\/2"}],"replies":[{"embeddable":true,"href":"https:\/\/pirtukxaneyajinenkurdistan.com\/tr\/wp-json\/wp\/v2\/comments?post=688"}],"version-history":[{"count":1,"href":"https:\/\/pirtukxaneyajinenkurdistan.com\/tr\/wp-json\/wp\/v2\/posts\/688\/revisions"}],"predecessor-version":[{"id":691,"href":"https:\/\/pirtukxaneyajinenkurdistan.com\/tr\/wp-json\/wp\/v2\/posts\/688\/revisions\/691"}],"wp:featuredmedia":[{"embeddable":true,"href":"https:\/\/pirtukxaneyajinenkurdistan.com\/tr\/wp-json\/wp\/v2\/media\/689"}],"wp:attachment":[{"href":"https:\/\/pirtukxaneyajinenkurdistan.com\/tr\/wp-json\/wp\/v2\/media?parent=688"}],"wp:term":[{"taxonomy":"category","embeddable":true,"href":"https:\/\/pirtukxaneyajinenkurdistan.com\/tr\/wp-json\/wp\/v2\/categories?post=688"},{"taxonomy":"post_tag","embeddable":true,"href":"https:\/\/pirtukxaneyajinenkurdistan.com\/tr\/wp-json\/wp\/v2\/tags?post=688"}],"curies":[{"name":"wp","href":"https:\/\/api.w.org\/{rel}","templated":true}]}}