{"id":769,"date":"2026-08-20T13:49:56","date_gmt":"2026-08-20T10:49:56","guid":{"rendered":"https:\/\/pirtukxaneyajinenkurdistan.com\/tr\/?p=769"},"modified":"2026-08-10T13:53:40","modified_gmt":"2026-08-10T10:53:40","slug":"21-yuzyil-kadin-ozgurluk-manifestosu","status":"publish","type":"post","link":"https:\/\/pirtukxaneyajinenkurdistan.com\/tr\/icerik\/21-yuzyil-kadin-ozgurluk-manifestosu\/","title":{"rendered":"21.y\u00fczy\u0131l Kad\u0131n \u00d6zg\u00fcrl\u00fck Manifestosu"},"content":{"rendered":"<p>Kitap ad\u0131: 21.y\u00fczy\u0131l Kad\u0131n \u00d6zg\u00fcrl\u00fck Manifestosu<\/p>\n<p>Yazar\u0131n ad\u0131: We\u015fan\u00ean Jina Serbilind 17<\/p>\n<p>Sayfa say\u0131s\u0131: 281<\/p>\n<p>Kitab\u0131n konusu :<\/p>\n<p>Demokratik, \u00f6zg\u00fcrl\u00fck\u00e7\u00fc ve e\u015fitlik\u00e7e olan, kad\u0131ndan ba\u015flayarak t\u00fcm toplumu \u00f6zg\u00fcrle\u015ftirme iddias\u0131n\u0131 bir kad\u0131n hareketi olarak, insanla\u015fma s\u00fcrecinde kad\u0131n\u0131n rol\u00fcn\u00fc a\u00e7\u0131\u011fa \u00e7\u0131karmak, insal\u0131\u011f\u0131n ger\u00e7ek \u00f6z\u00fcne d\u00f6n\u00fc\u015f\u00fc a\u00e7\u0131s\u0131ndan vazge\u00e7ilmez bir \u00f6nem ta\u015f\u0131maktad\u0131r. Yaban\u0131ll\u0131ktan insanl\u0131\u011fa ge\u00e7i\u015f, uygala\u015fma ve s\u0131n\u0131fl\u0131 toplum a\u015famalar\u0131n\u0131n nas\u0131l geli\u015fti\u011fini ana kayna\u011f\u0131nda \u0131nceleyemezsek; farkl\u0131l\u0131klar i\u00e7eren \u00f6zelliklerini\u00a0 somutun ana hatlar\u0131 i\u00e7inde ger\u00e7ek\u00e7i ve do\u011fru \u00e7\u00f6z\u00fcmleyemezsek; do\u011fru bir tarih bilincine ula\u015fmak m\u00fcmk\u00fcn olmayacak, ula\u015f\u0131lsa bile bir\u00e7ok hayati eksiklik ve yan\u0131\u015f\u0131l\u0131k i\u00e7erecektir.<\/p>\n<p><img fetchpriority=\"high\" decoding=\"async\" class=\"alignnone size-medium wp-image-771\" src=\"https:\/\/pirtukxaneyajinenkurdistan.com\/tr\/wp-content\/uploads\/sites\/11\/2026\/08\/Kadin-Ozgurluk-Manifestosu-2-205x300.jpg\" alt=\"\" width=\"205\" height=\"300\" srcset=\"https:\/\/pirtukxaneyajinenkurdistan.com\/tr\/wp-content\/uploads\/sites\/11\/2026\/08\/Kadin-Ozgurluk-Manifestosu-2-205x300.jpg 205w, https:\/\/pirtukxaneyajinenkurdistan.com\/tr\/wp-content\/uploads\/sites\/11\/2026\/08\/Kadin-Ozgurluk-Manifestosu-2-700x1024.jpg 700w, https:\/\/pirtukxaneyajinenkurdistan.com\/tr\/wp-content\/uploads\/sites\/11\/2026\/08\/Kadin-Ozgurluk-Manifestosu-2-768x1123.jpg 768w, https:\/\/pirtukxaneyajinenkurdistan.com\/tr\/wp-content\/uploads\/sites\/11\/2026\/08\/Kadin-Ozgurluk-Manifestosu-2-1050x1536.jpg 1050w, https:\/\/pirtukxaneyajinenkurdistan.com\/tr\/wp-content\/uploads\/sites\/11\/2026\/08\/Kadin-Ozgurluk-Manifestosu-2-1400x2048.jpg 1400w, https:\/\/pirtukxaneyajinenkurdistan.com\/tr\/wp-content\/uploads\/sites\/11\/2026\/08\/Kadin-Ozgurluk-Manifestosu-2.jpg 1591w\" sizes=\"(max-width: 205px) 100vw, 205px\" \/><\/p>\n","protected":false},"excerpt":{"rendered":"<p>Kitap ad\u0131: 21.y\u00fczy\u0131l Kad\u0131n \u00d6zg\u00fcrl\u00fck Manifestosu Yazar\u0131n ad\u0131: We\u015fan\u00ean Jina Serbilind 17 Sayfa say\u0131s\u0131: 281 Kitab\u0131n konusu : Demokratik, \u00f6zg\u00fcrl\u00fck\u00e7\u00fc ve e\u015fitlik\u00e7e olan, kad\u0131ndan ba\u015flayarak t\u00fcm toplumu \u00f6zg\u00fcrle\u015ftirme iddias\u0131n\u0131 bir kad\u0131n hareketi olarak, insanla\u015fma s\u00fcrecinde kad\u0131n\u0131n rol\u00fcn\u00fc a\u00e7\u0131\u011fa \u00e7\u0131karmak, insal\u0131\u011f\u0131n&#8230;<\/p>\n","protected":false},"author":2,"featured_media":770,"comment_status":"closed","ping_status":"closed","sticky":false,"template":"","format":"standard","meta":{"footnotes":""},"categories":[7],"tags":[],"class_list":["post-769","post","type-post","status-publish","format-standard","has-post-thumbnail","hentry","category-kadinlara-dair-kitaplar"],"rttpg_featured_image_url":{"full":["https:\/\/pirtukxaneyajinenkurdistan.com\/tr\/wp-content\/uploads\/sites\/11\/2026\/08\/Kadin-Ozgurluk-Manifestosu-1.jpg",1588,2349,false],"landscape":["https:\/\/pirtukxaneyajinenkurdistan.com\/tr\/wp-content\/uploads\/sites\/11\/2026\/08\/Kadin-Ozgurluk-Manifestosu-1.jpg",1588,2349,false],"portraits":["https:\/\/pirtukxaneyajinenkurdistan.com\/tr\/wp-content\/uploads\/sites\/11\/2026\/08\/Kadin-Ozgurluk-Manifestosu-1.jpg",1588,2349,false],"thumbnail":["https:\/\/pirtukxaneyajinenkurdistan.com\/tr\/wp-content\/uploads\/sites\/11\/2026\/08\/Kadin-Ozgurluk-Manifestosu-1-150x150.jpg",150,150,true],"medium":["https:\/\/pirtukxaneyajinenkurdistan.com\/tr\/wp-content\/uploads\/sites\/11\/2026\/08\/Kadin-Ozgurluk-Manifestosu-1-203x300.jpg",203,300,true],"large":["https:\/\/pirtukxaneyajinenkurdistan.com\/tr\/wp-content\/uploads\/sites\/11\/2026\/08\/Kadin-Ozgurluk-Manifestosu-1-692x1024.jpg",640,947,true],"1536x1536":["https:\/\/pirtukxaneyajinenkurdistan.com\/tr\/wp-content\/uploads\/sites\/11\/2026\/08\/Kadin-Ozgurluk-Manifestosu-1-1038x1536.jpg",1038,1536,true],"2048x2048":["https:\/\/pirtukxaneyajinenkurdistan.com\/tr\/wp-content\/uploads\/sites\/11\/2026\/08\/Kadin-Ozgurluk-Manifestosu-1-1385x2048.jpg",1385,2048,true],"gucherry-blog-thumbnail-one":["https:\/\/pirtukxaneyajinenkurdistan.com\/tr\/wp-content\/uploads\/sites\/11\/2026\/08\/Kadin-Ozgurluk-Manifestosu-1-800x450.jpg",800,450,true],"gucherry-blog-thumbnail-two":["https:\/\/pirtukxaneyajinenkurdistan.com\/tr\/wp-content\/uploads\/sites\/11\/2026\/08\/Kadin-Ozgurluk-Manifestosu-1-300x300.jpg",300,300,true],"psacp-medium":["https:\/\/pirtukxaneyajinenkurdistan.com\/tr\/wp-content\/uploads\/sites\/11\/2026\/08\/Kadin-Ozgurluk-Manifestosu-1-500x500.jpg",500,500,true]},"rttpg_author":{"display_name":"admin","author_link":"https:\/\/pirtukxaneyajinenkurdistan.com\/tr\/icerik\/author\/admin-2\/"},"rttpg_comment":0,"rttpg_category":"<a href=\"https:\/\/pirtukxaneyajinenkurdistan.com\/tr\/kategori\/kitaplar\/kadinlara-dair-kitaplar\/\" rel=\"category tag\">Kad\u0131nlara Dair<\/a>","rttpg_excerpt":"Kitap ad\u0131: 21.y\u00fczy\u0131l Kad\u0131n \u00d6zg\u00fcrl\u00fck Manifestosu Yazar\u0131n ad\u0131: We\u015fan\u00ean Jina Serbilind 17 Sayfa say\u0131s\u0131: 281 Kitab\u0131n konusu : Demokratik, \u00f6zg\u00fcrl\u00fck\u00e7\u00fc ve e\u015fitlik\u00e7e olan, kad\u0131ndan ba\u015flayarak t\u00fcm toplumu \u00f6zg\u00fcrle\u015ftirme iddias\u0131n\u0131 bir kad\u0131n hareketi olarak, insanla\u015fma s\u00fcrecinde kad\u0131n\u0131n rol\u00fcn\u00fc a\u00e7\u0131\u011fa \u00e7\u0131karmak, insal\u0131\u011f\u0131n...","_links":{"self":[{"href":"https:\/\/pirtukxaneyajinenkurdistan.com\/tr\/wp-json\/wp\/v2\/posts\/769","targetHints":{"allow":["GET"]}}],"collection":[{"href":"https:\/\/pirtukxaneyajinenkurdistan.com\/tr\/wp-json\/wp\/v2\/posts"}],"about":[{"href":"https:\/\/pirtukxaneyajinenkurdistan.com\/tr\/wp-json\/wp\/v2\/types\/post"}],"author":[{"embeddable":true,"href":"https:\/\/pirtukxaneyajinenkurdistan.com\/tr\/wp-json\/wp\/v2\/users\/2"}],"replies":[{"embeddable":true,"href":"https:\/\/pirtukxaneyajinenkurdistan.com\/tr\/wp-json\/wp\/v2\/comments?post=769"}],"version-history":[{"count":1,"href":"https:\/\/pirtukxaneyajinenkurdistan.com\/tr\/wp-json\/wp\/v2\/posts\/769\/revisions"}],"predecessor-version":[{"id":772,"href":"https:\/\/pirtukxaneyajinenkurdistan.com\/tr\/wp-json\/wp\/v2\/posts\/769\/revisions\/772"}],"wp:featuredmedia":[{"embeddable":true,"href":"https:\/\/pirtukxaneyajinenkurdistan.com\/tr\/wp-json\/wp\/v2\/media\/770"}],"wp:attachment":[{"href":"https:\/\/pirtukxaneyajinenkurdistan.com\/tr\/wp-json\/wp\/v2\/media?parent=769"}],"wp:term":[{"taxonomy":"category","embeddable":true,"href":"https:\/\/pirtukxaneyajinenkurdistan.com\/tr\/wp-json\/wp\/v2\/categories?post=769"},{"taxonomy":"post_tag","embeddable":true,"href":"https:\/\/pirtukxaneyajinenkurdistan.com\/tr\/wp-json\/wp\/v2\/tags?post=769"}],"curies":[{"name":"wp","href":"https:\/\/api.w.org\/{rel}","templated":true}]}}